{"id":288,"date":"2024-06-02T20:02:45","date_gmt":"2024-06-02T18:02:45","guid":{"rendered":"https:\/\/ecole-de-valansart.be\/?p=288"},"modified":"2025-01-25T18:00:43","modified_gmt":"2025-01-25T17:00:43","slug":"les-mesures-daire","status":"publish","type":"post","link":"https:\/\/ecole-de-valansart.be\/index.php\/2024\/06\/02\/les-mesures-daire\/","title":{"rendered":"Les mesures d&rsquo;aire"},"content":{"rendered":"\n<p>Les grands de l&rsquo;\u00e9cole ont travaill\u00e9 sur l\u2019aire. C\u2019\u00e9tait l\u2019occasion d\u2019observer notre damier et sa superficie. Ils ont aussi trac\u00e9 des m\u00e8tres carr\u00e9s dans la cour pour bien se repr\u00e9senter les diff\u00e9rentes mesures de l\u2019aire. Apr\u00e8s un travail collaboratif, ils ont calcul\u00e9 l\u2019aire de la cour qui est d\u2019environ 120 m\u00e8tres carr\u00e9s. Une belle apr\u00e8s-midi de d\u00e9couvertes.<\/p>\n\n\n\n<figure class=\"wp-block-gallery has-nested-images columns-default is-cropped wp-block-gallery-1 is-layout-flex wp-block-gallery-is-layout-flex\">\n<figure class=\"wp-block-image size-large\"><img loading=\"lazy\" decoding=\"async\" width=\"768\" height=\"1024\" data-id=\"289\" src=\"https:\/\/ecole-de-valansart.be\/wp-content\/uploads\/2024\/06\/434836538_800067798809678_2522064143067718970_n-768x1024.jpg\" alt=\"\" class=\"wp-image-289\" srcset=\"https:\/\/ecole-de-valansart.be\/wp-content\/uploads\/2024\/06\/434836538_800067798809678_2522064143067718970_n-768x1024.jpg 768w, https:\/\/ecole-de-valansart.be\/wp-content\/uploads\/2024\/06\/434836538_800067798809678_2522064143067718970_n-225x300.jpg 225w, https:\/\/ecole-de-valansart.be\/wp-content\/uploads\/2024\/06\/434836538_800067798809678_2522064143067718970_n-1152x1536.jpg 1152w, https:\/\/ecole-de-valansart.be\/wp-content\/uploads\/2024\/06\/434836538_800067798809678_2522064143067718970_n.jpg 1536w\" sizes=\"(max-width: 706px) 89vw, (max-width: 767px) 82vw, 740px\" \/><\/figure>\n\n\n\n<figure class=\"wp-block-image size-large\"><img loading=\"lazy\" decoding=\"async\" width=\"1024\" height=\"768\" data-id=\"290\" src=\"https:\/\/ecole-de-valansart.be\/wp-content\/uploads\/2024\/06\/435922689_800067782143013_5086360793599399209_n-1024x768.jpg\" alt=\"\" class=\"wp-image-290\" srcset=\"https:\/\/ecole-de-valansart.be\/wp-content\/uploads\/2024\/06\/435922689_800067782143013_5086360793599399209_n-1024x768.jpg 1024w, https:\/\/ecole-de-valansart.be\/wp-content\/uploads\/2024\/06\/435922689_800067782143013_5086360793599399209_n-300x225.jpg 300w, https:\/\/ecole-de-valansart.be\/wp-content\/uploads\/2024\/06\/435922689_800067782143013_5086360793599399209_n-768x576.jpg 768w, https:\/\/ecole-de-valansart.be\/wp-content\/uploads\/2024\/06\/435922689_800067782143013_5086360793599399209_n-1536x1152.jpg 1536w, https:\/\/ecole-de-valansart.be\/wp-content\/uploads\/2024\/06\/435922689_800067782143013_5086360793599399209_n.jpg 2048w\" sizes=\"(max-width: 706px) 89vw, (max-width: 767px) 82vw, 740px\" \/><\/figure>\n\n\n\n<figure class=\"wp-block-image size-large\"><img loading=\"lazy\" decoding=\"async\" width=\"1024\" height=\"768\" data-id=\"291\" src=\"https:\/\/ecole-de-valansart.be\/wp-content\/uploads\/2024\/06\/436088093_800067975476327_3465940829865842939_n-1024x768.jpg\" alt=\"\" class=\"wp-image-291\" srcset=\"https:\/\/ecole-de-valansart.be\/wp-content\/uploads\/2024\/06\/436088093_800067975476327_3465940829865842939_n-1024x768.jpg 1024w, https:\/\/ecole-de-valansart.be\/wp-content\/uploads\/2024\/06\/436088093_800067975476327_3465940829865842939_n-300x225.jpg 300w, https:\/\/ecole-de-valansart.be\/wp-content\/uploads\/2024\/06\/436088093_800067975476327_3465940829865842939_n-768x576.jpg 768w, https:\/\/ecole-de-valansart.be\/wp-content\/uploads\/2024\/06\/436088093_800067975476327_3465940829865842939_n-1536x1152.jpg 1536w, https:\/\/ecole-de-valansart.be\/wp-content\/uploads\/2024\/06\/436088093_800067975476327_3465940829865842939_n.jpg 2048w\" sizes=\"(max-width: 706px) 89vw, (max-width: 767px) 82vw, 740px\" \/><\/figure>\n<\/figure>\n","protected":false},"excerpt":{"rendered":"<p>Les grands de l&rsquo;\u00e9cole ont travaill\u00e9 sur l\u2019aire. C\u2019\u00e9tait l\u2019occasion d\u2019observer notre damier et sa superficie. Ils ont aussi trac\u00e9 des m\u00e8tres carr\u00e9s dans la cour pour bien se repr\u00e9senter les diff\u00e9rentes mesures de l\u2019aire. Apr\u00e8s un travail collaboratif, ils ont calcul\u00e9 l\u2019aire de la cour qui est d\u2019environ 120 m\u00e8tres carr\u00e9s. Une belle apr\u00e8s-midi &hellip; <\/p>\n<p class=\"link-more\"><a href=\"https:\/\/ecole-de-valansart.be\/index.php\/2024\/06\/02\/les-mesures-daire\/\" class=\"more-link\">Continuer la lecture<span class=\"screen-reader-text\"> de &laquo;&nbsp;Les mesures d&rsquo;aire&nbsp;&raquo;<\/span><\/a><\/p>\n","protected":false},"author":1,"featured_media":0,"comment_status":"closed","ping_status":"closed","sticky":false,"template":"","format":"standard","meta":{"footnotes":""},"categories":[6,7],"tags":[],"_links":{"self":[{"href":"https:\/\/ecole-de-valansart.be\/index.php\/wp-json\/wp\/v2\/posts\/288"}],"collection":[{"href":"https:\/\/ecole-de-valansart.be\/index.php\/wp-json\/wp\/v2\/posts"}],"about":[{"href":"https:\/\/ecole-de-valansart.be\/index.php\/wp-json\/wp\/v2\/types\/post"}],"author":[{"embeddable":true,"href":"https:\/\/ecole-de-valansart.be\/index.php\/wp-json\/wp\/v2\/users\/1"}],"replies":[{"embeddable":true,"href":"https:\/\/ecole-de-valansart.be\/index.php\/wp-json\/wp\/v2\/comments?post=288"}],"version-history":[{"count":1,"href":"https:\/\/ecole-de-valansart.be\/index.php\/wp-json\/wp\/v2\/posts\/288\/revisions"}],"predecessor-version":[{"id":292,"href":"https:\/\/ecole-de-valansart.be\/index.php\/wp-json\/wp\/v2\/posts\/288\/revisions\/292"}],"wp:attachment":[{"href":"https:\/\/ecole-de-valansart.be\/index.php\/wp-json\/wp\/v2\/media?parent=288"}],"wp:term":[{"taxonomy":"category","embeddable":true,"href":"https:\/\/ecole-de-valansart.be\/index.php\/wp-json\/wp\/v2\/categories?post=288"},{"taxonomy":"post_tag","embeddable":true,"href":"https:\/\/ecole-de-valansart.be\/index.php\/wp-json\/wp\/v2\/tags?post=288"}],"curies":[{"name":"wp","href":"https:\/\/api.w.org\/{rel}","templated":true}]}}